{"id":19405,"date":"2023-11-28T10:59:31","date_gmt":"2023-11-28T10:59:31","guid":{"rendered":"https:\/\/www.grupojorgeanjos.pt\/?post_type=jobpost&#038;p=19405"},"modified":"2024-01-23T11:28:52","modified_gmt":"2024-01-23T11:28:52","slug":"chefe-de-equipa-encarregado-m-f-carregado","status":"publish","type":"jobpost","link":"https:\/\/www.grupojorgeanjos.pt\/en\/emprego\/chefe-de-equipa-encarregado-m-f-carregado\/","title":{"rendered":"Encarregado de Eletricidade e Manuten\u00e7\u00e3o (m\/f) Carregado"},"content":{"rendered":"<p>A Jorge dos Anjos \u2013&nbsp;<a target=\"_blank\" href=\"https:\/\/www.net-empregos.com\/trabalho\/\" rel=\"noreferrer noopener\">Trabalho<\/a>&nbsp;Tempor\u00e1rio (Alvar\u00e1 n\u00b0 864\/18, de 29\/11) encontra-se em processo de&nbsp;<a target=\"_blank\" href=\"https:\/\/www.net-empregos.com\/recrutamento\/\" rel=\"noreferrer noopener\">recrutamento<\/a>&nbsp;para empresa cliente situada na zona de&nbsp;<a target=\"_blank\" href=\"https:\/\/www.net-empregos.com\/emprego-lisboa.asp\" rel=\"noreferrer noopener\">Lisboa<\/a>&nbsp;para a fun\u00e7\u00e3o de:<\/p>\n\n\n\n<p>Encarregado de Eletricidade e Manuten\u00e7\u00e3o (m\/f) Carregado<\/p>\n\n\n\n<p>Requisitos:<\/p>\n\n\n\n<p>-Experi\u00eancia na lideran\u00e7a de equipas de&nbsp;<a target=\"_blank\" href=\"https:\/\/www.net-empregos.com\/emprego-conservacao-manutencao-tecnica.asp\" rel=\"noreferrer noopener\">manuten\u00e7\u00e3o<\/a>&nbsp;(preferencial);<br>-Conhecimentos t\u00e9cnicos na \u00e1rea de eletricidade e\/ou AVAC;<br>&#8211; Conhecimentos de&nbsp;<a target=\"_blank\" href=\"https:\/\/www.net-empregos.com\/emprego-conservacao-manutencao-tecnica.asp\" rel=\"noreferrer noopener\">manuten\u00e7\u00e3o<\/a>&nbsp;em geral;<br>&#8211; Elevado sentido de responsabilidade;<br>&#8211; Boa capacidade de organiza\u00e7\u00e3o;<br>&#8211; Carta de condu\u00e7\u00e3o;<br>&#8211; Disponibilidade imediata;<br>&#8211; Dinamismo e alguma robustez f\u00edsica.<\/p>\n\n\n\n<p>Oferecemos:<\/p>\n\n\n\n<p>&#8211; Contrato de Trabalho;<br>&#8211; Vencimento compat\u00edvel com a experi\u00eancia;<br>&#8211; Possibilidade Continuidade;<br>&#8211; Oportunidade desenvolvimento e valoriza\u00e7\u00e3o profissional;<br>&#8211;&nbsp;<a target=\"_blank\" href=\"https:\/\/www.net-empregos.com\/emprego-educacao-formacao.asp\" rel=\"noreferrer noopener\">Training<\/a>&nbsp;inicial e cont\u00ednua.<\/p>\n\n\n\n<p>Envie o seu CV para\u00a0<a href=\"mailto:dianatavares@grupojorgeanjos.pt?subject=Resposta%20Oferta%20Net-Empregos:%20Chefe%20de%20Equipa\/Encarregado%20(m\/f)%20Carregado\">dianatavares@grupojorgeanjos.pt<\/a>\u00a0com o assunto &#8220;ENCARREGADO CARREGADO&#8221;<\/p>\n\n\n\n<p>Ao candidatar-se aceita e compreende a nossa Pol\u00edtica de Dados e Privacidade que poder\u00e1 consultar no nosso site.<\/p>\n\n\n\n<p>Apenas os candidatos eleg\u00edveis ser\u00e3o contactados, os restantes ficar\u00e3o em base de dados para futuras oportunidades.<\/p>\n\n\n\n<figure class=\"wp-block-image size-full is-resized\"><img fetchpriority=\"high\" decoding=\"async\" width=\"920\" height=\"980\" src=\"https:\/\/www.grupojorgeanjos.pt\/wp-content\/uploads\/2023\/02\/industria-1-6.png\" alt=\"\" class=\"wp-image-12796\" style=\"width:150px;height:auto\" srcset=\"https:\/\/www.grupojorgeanjos.pt\/wp-content\/uploads\/2023\/02\/industria-1-6.png 920w, https:\/\/www.grupojorgeanjos.pt\/wp-content\/uploads\/2023\/02\/industria-1-6-600x639.png 600w, https:\/\/www.grupojorgeanjos.pt\/wp-content\/uploads\/2023\/02\/industria-1-6-282x300.png 282w, https:\/\/www.grupojorgeanjos.pt\/wp-content\/uploads\/2023\/02\/industria-1-6-768x818.png 768w, https:\/\/www.grupojorgeanjos.pt\/wp-content\/uploads\/2023\/02\/industria-1-6-11x12.png 11w, https:\/\/www.grupojorgeanjos.pt\/wp-content\/uploads\/2023\/02\/industria-1-6-180x192.png 180w\" sizes=\"(max-width: 920px) 100vw, 920px\" \/><\/figure>","protected":false},"excerpt":{"rendered":"<p>A Jorge dos Anjos \u2013&nbsp;Trabalho&nbsp;Tempor\u00e1rio (Alvar\u00e1 n\u00b0 864\/18, de 29\/11) encontra-se em processo de&nbsp;recrutamento&nbsp;para empresa cliente situada na zona de&nbsp;Lisboa&nbsp;para a fun\u00e7\u00e3o de: Encarregado de Eletricidade e Manuten\u00e7\u00e3o (m\/f) Carregado Requisitos: -Experi\u00eancia na lideran\u00e7a de equipas de&nbsp;manuten\u00e7\u00e3o&nbsp;(preferencial);-Conhecimentos t\u00e9cnicos na \u00e1rea de eletricidade e\/ou AVAC;&#8211; Conhecimentos de&nbsp;manuten\u00e7\u00e3o&nbsp;em geral;&#8211; Elevado sentido de responsabilidade;&#8211; Boa capacidade de organiza\u00e7\u00e3o;&#8211; [&hellip;]<\/p>\n","protected":false},"author":11,"featured_media":0,"menu_order":0,"template":"","jobpost_category":[],"jobpost_job_type":[],"jobpost_location":[194],"jobpost_tag":[],"class_list":["post-19405","jobpost","type-jobpost","status-publish","hentry","jobpost_location-lisboa"],"_links":{"self":[{"href":"https:\/\/www.grupojorgeanjos.pt\/en\/wp-json\/wp\/v2\/jobpost\/19405","targetHints":{"allow":["GET"]}}],"collection":[{"href":"https:\/\/www.grupojorgeanjos.pt\/en\/wp-json\/wp\/v2\/jobpost"}],"about":[{"href":"https:\/\/www.grupojorgeanjos.pt\/en\/wp-json\/wp\/v2\/types\/jobpost"}],"author":[{"embeddable":true,"href":"https:\/\/www.grupojorgeanjos.pt\/en\/wp-json\/wp\/v2\/users\/11"}],"version-history":[{"count":3,"href":"https:\/\/www.grupojorgeanjos.pt\/en\/wp-json\/wp\/v2\/jobpost\/19405\/revisions"}],"predecessor-version":[{"id":20840,"href":"https:\/\/www.grupojorgeanjos.pt\/en\/wp-json\/wp\/v2\/jobpost\/19405\/revisions\/20840"}],"wp:attachment":[{"href":"https:\/\/www.grupojorgeanjos.pt\/en\/wp-json\/wp\/v2\/media?parent=19405"}],"wp:term":[{"taxonomy":"jobpost_category","embeddable":true,"href":"https:\/\/www.grupojorgeanjos.pt\/en\/wp-json\/wp\/v2\/jobpost_category?post=19405"},{"taxonomy":"jobpost_job_type","embeddable":true,"href":"https:\/\/www.grupojorgeanjos.pt\/en\/wp-json\/wp\/v2\/jobpost_job_type?post=19405"},{"taxonomy":"jobpost_location","embeddable":true,"href":"https:\/\/www.grupojorgeanjos.pt\/en\/wp-json\/wp\/v2\/jobpost_location?post=19405"},{"taxonomy":"jobpost_tag","embeddable":true,"href":"https:\/\/www.grupojorgeanjos.pt\/en\/wp-json\/wp\/v2\/jobpost_tag?post=19405"}],"curies":[{"name":"wp","href":"https:\/\/api.w.org\/{rel}","templated":true}]}}