{"id":24199,"date":"2024-06-20T09:22:25","date_gmt":"2024-06-20T09:22:25","guid":{"rendered":"https:\/\/www.grupojorgeanjos.pt\/?post_type=jobpost&#038;p=24199"},"modified":"2024-06-20T09:22:28","modified_gmt":"2024-06-20T09:22:28","slug":"tecnico-de-avac-m-f-covilha-3","status":"publish","type":"jobpost","link":"https:\/\/www.grupojorgeanjos.pt\/en\/emprego\/tecnico-de-avac-m-f-covilha-3\/","title":{"rendered":"T\u00e9cnico de AVAC (M\/F) &#8211; Covilh\u00e3"},"content":{"rendered":"<p>A Jorge dos Anjos \u2013 Trabalho Tempor\u00e1rio (Alvar\u00e1 n\u00b0 864\/18, de 29\/11) encontra-se em processo de recrutamento para T\u00e9cnico de AVAC para vaga na Covilh\u00e3, no distrito de Castelo Branco!<\/p>\n\n\n\n<p><\/p>\n\n\n\n<p><strong>Requisitos:<\/strong><\/p>\n\n\n\n<p>\u2013 Experi\u00eancia na fun\u00e7\u00e3o; <\/p>\n\n\n\n<p>\u2013 Forma\u00e7\u00e3o t\u00e9cnica na \u00e1rea de AVAC; <\/p>\n\n\n\n<p>\u2013 Categoria Profissional TRM (Ex: TIM)-preferencial;<\/p>\n\n\n\n<p>\u2013 Certifica\u00e7\u00e3o para manuseamento de gases Fluorados-preferencial;<\/p>\n\n\n\n<p>\u2013 Experi\u00eancia de 3 a 5 anos-preferencial.<\/p>\n\n\n\n<p><strong>Oferecemos:<\/strong><\/p>\n\n\n\n<p>\u2013 Contrato de Trabalho;<br>\u2013 Vencimento compat\u00edvel com a experi\u00eancia;<br>\u2013 Oportunidade desenvolvimento e valoriza\u00e7\u00e3o profissional;<br>\u2013&nbsp;<a href=\"https:\/\/www.net-empregos.com\/emprego-educacao-formacao.asp\" target=\"_blank\" rel=\"noreferrer noopener\">Training<\/a>&nbsp;inicial e cont\u00ednua;<\/p>\n\n\n\n<p>\ud83d\udce7 Envie-nos o seu CV para elainesanchez@grupojorgeanjos.pt <\/p>\n\n\n\n<p>\ud83d\udcde Ou ligue 913 717 522<\/p>\n\n\n\n<p>Ao candidatar-se aceita e compreende a nossa <strong>Pol\u00edtica de Dados e Privacidade<\/strong> que poder\u00e1 consultar no nosso site.<\/p>\n\n\n\n<p>Apenas os candidatos eleg\u00edveis ser\u00e3o contactados, os restantes ficar\u00e3o em base de dados para futuras oportunidades.<\/p>\n\n\n\n<figure class=\"wp-block-image size-full is-resized\"><img fetchpriority=\"high\" decoding=\"async\" width=\"920\" height=\"980\" src=\"https:\/\/www.grupojorgeanjos.pt\/wp-content\/uploads\/2023\/02\/industria-1-3.png\" alt=\"\" class=\"wp-image-12792\" style=\"width:154px;height:auto\" srcset=\"https:\/\/www.grupojorgeanjos.pt\/wp-content\/uploads\/2023\/02\/industria-1-3.png 920w, https:\/\/www.grupojorgeanjos.pt\/wp-content\/uploads\/2023\/02\/industria-1-3-600x639.png 600w, https:\/\/www.grupojorgeanjos.pt\/wp-content\/uploads\/2023\/02\/industria-1-3-282x300.png 282w, https:\/\/www.grupojorgeanjos.pt\/wp-content\/uploads\/2023\/02\/industria-1-3-768x818.png 768w, https:\/\/www.grupojorgeanjos.pt\/wp-content\/uploads\/2023\/02\/industria-1-3-11x12.png 11w, https:\/\/www.grupojorgeanjos.pt\/wp-content\/uploads\/2023\/02\/industria-1-3-180x192.png 180w\" sizes=\"(max-width: 920px) 100vw, 920px\" \/><\/figure>","protected":false},"excerpt":{"rendered":"<p>A Jorge dos Anjos \u2013 Trabalho Tempor\u00e1rio (Alvar\u00e1 n\u00b0 864\/18, de 29\/11) encontra-se em processo de recrutamento para T\u00e9cnico de AVAC para vaga na Covilh\u00e3, no distrito de Castelo Branco! Requisitos: \u2013 Experi\u00eancia na fun\u00e7\u00e3o; \u2013 Forma\u00e7\u00e3o t\u00e9cnica na \u00e1rea de AVAC; \u2013 Categoria Profissional TRM (Ex: TIM)-preferencial; \u2013 Certifica\u00e7\u00e3o para manuseamento de gases Fluorados-preferencial; [&hellip;]<\/p>\n","protected":false},"author":11,"featured_media":0,"menu_order":0,"template":"","jobpost_category":[234],"jobpost_job_type":[],"jobpost_location":[188],"jobpost_tag":[],"class_list":["post-24199","jobpost","type-jobpost","status-publish","hentry","jobpost_category-servicos-manutencao","jobpost_location-castelo-branco"],"_links":{"self":[{"href":"https:\/\/www.grupojorgeanjos.pt\/en\/wp-json\/wp\/v2\/jobpost\/24199","targetHints":{"allow":["GET"]}}],"collection":[{"href":"https:\/\/www.grupojorgeanjos.pt\/en\/wp-json\/wp\/v2\/jobpost"}],"about":[{"href":"https:\/\/www.grupojorgeanjos.pt\/en\/wp-json\/wp\/v2\/types\/jobpost"}],"author":[{"embeddable":true,"href":"https:\/\/www.grupojorgeanjos.pt\/en\/wp-json\/wp\/v2\/users\/11"}],"version-history":[{"count":3,"href":"https:\/\/www.grupojorgeanjos.pt\/en\/wp-json\/wp\/v2\/jobpost\/24199\/revisions"}],"predecessor-version":[{"id":25138,"href":"https:\/\/www.grupojorgeanjos.pt\/en\/wp-json\/wp\/v2\/jobpost\/24199\/revisions\/25138"}],"wp:attachment":[{"href":"https:\/\/www.grupojorgeanjos.pt\/en\/wp-json\/wp\/v2\/media?parent=24199"}],"wp:term":[{"taxonomy":"jobpost_category","embeddable":true,"href":"https:\/\/www.grupojorgeanjos.pt\/en\/wp-json\/wp\/v2\/jobpost_category?post=24199"},{"taxonomy":"jobpost_job_type","embeddable":true,"href":"https:\/\/www.grupojorgeanjos.pt\/en\/wp-json\/wp\/v2\/jobpost_job_type?post=24199"},{"taxonomy":"jobpost_location","embeddable":true,"href":"https:\/\/www.grupojorgeanjos.pt\/en\/wp-json\/wp\/v2\/jobpost_location?post=24199"},{"taxonomy":"jobpost_tag","embeddable":true,"href":"https:\/\/www.grupojorgeanjos.pt\/en\/wp-json\/wp\/v2\/jobpost_tag?post=24199"}],"curies":[{"name":"wp","href":"https:\/\/api.w.org\/{rel}","templated":true}]}}