{"id":26523,"date":"2025-02-18T15:47:48","date_gmt":"2025-02-18T15:47:48","guid":{"rendered":"https:\/\/www.grupojorgeanjos.pt\/?post_type=jobpost&#038;p=26523"},"modified":"2025-11-21T14:48:04","modified_gmt":"2025-11-21T14:48:04","slug":"empregado-de-mesa-m-f-espinho-4","status":"publish","type":"jobpost","link":"https:\/\/www.grupojorgeanjos.pt\/en\/emprego\/empregado-de-mesa-m-f-espinho-4\/","title":{"rendered":"Empregado de Mesa (M\/F) &#8211; Espinho"},"content":{"rendered":"<h3 class=\"wp-block-heading\">A Jorge dos Anjos \u2013 Trabalho Tempor\u00e1rio (Alvar\u00e1 n\u00b0 864\/18, de 29\/11) est\u00e1 a recrutar Empregado de Mesa para Espinho, no distrito de Aveiro!<\/h3>\n\n\n\n<p><strong>Requisitos:<\/strong><br><br>\u2013 Experi\u00eancia comprovada na fun\u00e7\u00e3o;<br>\u2013 Fardamento obrigat\u00f3rio: camisa social branca e preta, cal\u00e7a preta cl\u00e1ssica e sapato social preto;<br>\u2013 Disponibilidade hor\u00e1ria.<\/p>\n\n\n\n<p><strong>Oferecemos:<\/strong><\/p>\n\n\n\n<p>&#8211; Contrato de Trabalho;<br>&#8211; Vencimento compat\u00edvel com a experi\u00eancia;<br>&#8211; Possibilidade Continuidade;<br>&#8211; Oportunidade desenvolvimento e valoriza\u00e7\u00e3o profissional;<br>&#8211;&nbsp;<a href=\"https:\/\/www.net-empregos.com\/emprego-educacao-formacao.asp\" target=\"_blank\" rel=\"noreferrer noopener\">Training<\/a>&nbsp;inicial e cont\u00ednua.<\/p>\n\n\n\n<p>\ud83d\udce7 Envie-nos o seu CV para miguelbarbosa@grupojorgeanjos.pt<br>\ud83d\udcde Ou ligue 915 065 741<\/p>\n\n\n\n<p>Ao candidatar-se aceita e compreende a nossa <strong><a href=\"https:\/\/www.grupojorgeanjos.pt\/en\/politica-privacidade\/\" data-type=\"link\" data-id=\"https:\/\/www.grupojorgeanjos.pt\/politica-privacidade\/\">Pol\u00edtica de Dados e Privacidade<\/a><\/strong> que poder\u00e1 consultar no nosso site.<br>Apenas os candidatos eleg\u00edveis ser\u00e3o contactados, os restantes ficar\u00e3o em base de dados para futuras oportunidades.<br><\/p>\n\n\n\n<figure class=\"wp-block-image size-large is-resized\"><img fetchpriority=\"high\" decoding=\"async\" width=\"1024\" height=\"890\" src=\"https:\/\/www.grupojorgeanjos.pt\/wp-content\/uploads\/2023\/02\/Restauracao-1-4-1024x890.jpg\" alt=\"empregado de mesa\" class=\"wp-image-12806\" style=\"width:222px;height:193px\" srcset=\"https:\/\/www.grupojorgeanjos.pt\/wp-content\/uploads\/2023\/02\/Restauracao-1-4-1024x890.jpg 1024w, https:\/\/www.grupojorgeanjos.pt\/wp-content\/uploads\/2023\/02\/Restauracao-1-4-600x522.jpg 600w, https:\/\/www.grupojorgeanjos.pt\/wp-content\/uploads\/2023\/02\/Restauracao-1-4-300x261.jpg 300w, https:\/\/www.grupojorgeanjos.pt\/wp-content\/uploads\/2023\/02\/Restauracao-1-4-768x668.jpg 768w, https:\/\/www.grupojorgeanjos.pt\/wp-content\/uploads\/2023\/02\/Restauracao-1-4-14x12.jpg 14w, https:\/\/www.grupojorgeanjos.pt\/wp-content\/uploads\/2023\/02\/Restauracao-1-4-180x156.jpg 180w, https:\/\/www.grupojorgeanjos.pt\/wp-content\/uploads\/2023\/02\/Restauracao-1-4.jpg 1078w\" sizes=\"(max-width: 1024px) 100vw, 1024px\" \/><\/figure>","protected":false},"excerpt":{"rendered":"<p>A Jorge dos Anjos \u2013 Trabalho Tempor\u00e1rio (Alvar\u00e1 n\u00b0 864\/18, de 29\/11) est\u00e1 a recrutar Empregado de Mesa para Espinho, no distrito de Aveiro! Requisitos: \u2013 Experi\u00eancia comprovada na fun\u00e7\u00e3o;\u2013 Fardamento obrigat\u00f3rio: camisa social branca e preta, cal\u00e7a preta cl\u00e1ssica e sapato social preto;\u2013 Disponibilidade hor\u00e1ria. Oferecemos: &#8211; Contrato de Trabalho;&#8211; Vencimento compat\u00edvel com a [&hellip;]<\/p>\n","protected":false},"author":11,"featured_media":0,"menu_order":0,"template":"","jobpost_category":[229],"jobpost_job_type":[],"jobpost_location":[176],"jobpost_tag":[],"class_list":["post-26523","jobpost","type-jobpost","status-publish","hentry","jobpost_category-hotelaria-restauracao","jobpost_location-aveiro"],"_links":{"self":[{"href":"https:\/\/www.grupojorgeanjos.pt\/en\/wp-json\/wp\/v2\/jobpost\/26523","targetHints":{"allow":["GET"]}}],"collection":[{"href":"https:\/\/www.grupojorgeanjos.pt\/en\/wp-json\/wp\/v2\/jobpost"}],"about":[{"href":"https:\/\/www.grupojorgeanjos.pt\/en\/wp-json\/wp\/v2\/types\/jobpost"}],"author":[{"embeddable":true,"href":"https:\/\/www.grupojorgeanjos.pt\/en\/wp-json\/wp\/v2\/users\/11"}],"version-history":[{"count":5,"href":"https:\/\/www.grupojorgeanjos.pt\/en\/wp-json\/wp\/v2\/jobpost\/26523\/revisions"}],"predecessor-version":[{"id":33214,"href":"https:\/\/www.grupojorgeanjos.pt\/en\/wp-json\/wp\/v2\/jobpost\/26523\/revisions\/33214"}],"wp:attachment":[{"href":"https:\/\/www.grupojorgeanjos.pt\/en\/wp-json\/wp\/v2\/media?parent=26523"}],"wp:term":[{"taxonomy":"jobpost_category","embeddable":true,"href":"https:\/\/www.grupojorgeanjos.pt\/en\/wp-json\/wp\/v2\/jobpost_category?post=26523"},{"taxonomy":"jobpost_job_type","embeddable":true,"href":"https:\/\/www.grupojorgeanjos.pt\/en\/wp-json\/wp\/v2\/jobpost_job_type?post=26523"},{"taxonomy":"jobpost_location","embeddable":true,"href":"https:\/\/www.grupojorgeanjos.pt\/en\/wp-json\/wp\/v2\/jobpost_location?post=26523"},{"taxonomy":"jobpost_tag","embeddable":true,"href":"https:\/\/www.grupojorgeanjos.pt\/en\/wp-json\/wp\/v2\/jobpost_tag?post=26523"}],"curies":[{"name":"wp","href":"https:\/\/api.w.org\/{rel}","templated":true}]}}