{"id":26546,"date":"2025-02-25T10:20:24","date_gmt":"2025-02-25T10:20:24","guid":{"rendered":"https:\/\/www.grupojorgeanjos.pt\/?post_type=jobpost&#038;p=26546"},"modified":"2025-02-25T15:31:31","modified_gmt":"2025-02-25T15:31:31","slug":"copeiro-m-f-vila-do-conde","status":"publish","type":"jobpost","link":"https:\/\/www.grupojorgeanjos.pt\/en\/emprego\/copeiro-m-f-vila-do-conde\/","title":{"rendered":"Copeiro (M\/F) &#8211; Vila do Conde"},"content":{"rendered":"<h2 class=\"wp-block-heading\">A Jorge dos Anjos \u2013 Trabalho Tempor\u00e1rio (Alvar\u00e1 n\u00b0 864\/18, de 29\/11) encontra-se em processo de recrutamento para <strong>Copeiro <\/strong>para a zona de <strong>Vila do Conde<\/strong>, no distrito do Porto!<\/h2>\n\n\n\n<p><br><strong>Requisitos:<\/strong><br>&#8211; Disponibilidade imediata<br>&#8211; Resid\u00eancia pr\u00f3xima da zona<br><br>Oferecemos:<br><br>\u2013 Contrato de Trabalho com Vencimento compat\u00edvel com a fun\u00e7\u00e3o;<br>\u2013 Oportunidade desenvolvimento e valoriza\u00e7\u00e3o profissional;<br>\u2013 Ambiente de trabalho estimulante com equipa din\u00e2mica;<br>\u2013 Oportunidades cont\u00ednuas de desenvolvimento profissional;<br>\u2013 Forma\u00e7\u00e3o inicial e cont\u00ednua;<br><div><span style=\"color: rgb(0, 0, 0); font-family: Arial; font-size: 8px;\"><\/span><\/div><\/p>\n\n\n\n<p><br>\ud83d\udce7 Envie-nos o seu CV para elainesanchez@grupojorgeanjos.pt <br>\ud83d\udcde Ou ligue 913 717 522<\/p>\n\n\n\n<p>Ao candidatar-se aceita e compreende a nossa <strong><a href=\"https:\/\/www.grupojorgeanjos.pt\/en\/politica-privacidade\/\">Pol\u00edtica de Dados e Privacidade<\/a><\/strong> que poder\u00e1 consultar no nosso site.<br>Apenas os candidatos eleg\u00edveis ser\u00e3o contactados, os restantes ficar\u00e3o em base de dados para futuras oportunidades.<\/p>\n\n\n\n<figure class=\"wp-block-image size-large is-resized\"><img fetchpriority=\"high\" decoding=\"async\" width=\"1024\" height=\"923\" src=\"https:\/\/www.grupojorgeanjos.pt\/wp-content\/uploads\/2023\/02\/Logotipo-1-1024x923.jpg\" alt=\"Copeiro\" class=\"wp-image-12700\" style=\"width:222px;height:193px\" srcset=\"https:\/\/www.grupojorgeanjos.pt\/wp-content\/uploads\/2023\/02\/Logotipo-1-1024x923.jpg 1024w, https:\/\/www.grupojorgeanjos.pt\/wp-content\/uploads\/2023\/02\/Logotipo-1-scaled-600x541.jpg 600w, https:\/\/www.grupojorgeanjos.pt\/wp-content\/uploads\/2023\/02\/Logotipo-1-300x270.jpg 300w, https:\/\/www.grupojorgeanjos.pt\/wp-content\/uploads\/2023\/02\/Logotipo-1-768x692.jpg 768w, https:\/\/www.grupojorgeanjos.pt\/wp-content\/uploads\/2023\/02\/Logotipo-1-1536x1385.jpg 1536w, https:\/\/www.grupojorgeanjos.pt\/wp-content\/uploads\/2023\/02\/Logotipo-1-2048x1846.jpg 2048w, https:\/\/www.grupojorgeanjos.pt\/wp-content\/uploads\/2023\/02\/Logotipo-1-13x12.jpg 13w, https:\/\/www.grupojorgeanjos.pt\/wp-content\/uploads\/2023\/02\/Logotipo-1-180x162.jpg 180w\" sizes=\"(max-width: 1024px) 100vw, 1024px\" \/><\/figure>","protected":false},"excerpt":{"rendered":"<p>A Jorge dos Anjos \u2013 Trabalho Tempor\u00e1rio (Alvar\u00e1 n\u00b0 864\/18, de 29\/11) encontra-se em processo de recrutamento para Copeiro para a zona de Vila do Conde, no distrito do Porto! Requisitos:&#8211; Disponibilidade imediata&#8211; Resid\u00eancia pr\u00f3xima da zona Oferecemos: \u2013 Contrato de Trabalho com Vencimento compat\u00edvel com a fun\u00e7\u00e3o;\u2013 Oportunidade desenvolvimento e valoriza\u00e7\u00e3o profissional;\u2013 Ambiente de [&hellip;]<\/p>\n","protected":false},"author":11,"featured_media":0,"menu_order":0,"template":"","jobpost_category":[229],"jobpost_job_type":[],"jobpost_location":[277],"jobpost_tag":[],"class_list":["post-26546","jobpost","type-jobpost","status-publish","hentry","jobpost_category-hotelaria-restauracao","jobpost_location-vila-do-conde"],"_links":{"self":[{"href":"https:\/\/www.grupojorgeanjos.pt\/en\/wp-json\/wp\/v2\/jobpost\/26546","targetHints":{"allow":["GET"]}}],"collection":[{"href":"https:\/\/www.grupojorgeanjos.pt\/en\/wp-json\/wp\/v2\/jobpost"}],"about":[{"href":"https:\/\/www.grupojorgeanjos.pt\/en\/wp-json\/wp\/v2\/types\/jobpost"}],"author":[{"embeddable":true,"href":"https:\/\/www.grupojorgeanjos.pt\/en\/wp-json\/wp\/v2\/users\/11"}],"version-history":[{"count":3,"href":"https:\/\/www.grupojorgeanjos.pt\/en\/wp-json\/wp\/v2\/jobpost\/26546\/revisions"}],"predecessor-version":[{"id":27821,"href":"https:\/\/www.grupojorgeanjos.pt\/en\/wp-json\/wp\/v2\/jobpost\/26546\/revisions\/27821"}],"wp:attachment":[{"href":"https:\/\/www.grupojorgeanjos.pt\/en\/wp-json\/wp\/v2\/media?parent=26546"}],"wp:term":[{"taxonomy":"jobpost_category","embeddable":true,"href":"https:\/\/www.grupojorgeanjos.pt\/en\/wp-json\/wp\/v2\/jobpost_category?post=26546"},{"taxonomy":"jobpost_job_type","embeddable":true,"href":"https:\/\/www.grupojorgeanjos.pt\/en\/wp-json\/wp\/v2\/jobpost_job_type?post=26546"},{"taxonomy":"jobpost_location","embeddable":true,"href":"https:\/\/www.grupojorgeanjos.pt\/en\/wp-json\/wp\/v2\/jobpost_location?post=26546"},{"taxonomy":"jobpost_tag","embeddable":true,"href":"https:\/\/www.grupojorgeanjos.pt\/en\/wp-json\/wp\/v2\/jobpost_tag?post=26546"}],"curies":[{"name":"wp","href":"https:\/\/api.w.org\/{rel}","templated":true}]}}