{"id":26578,"date":"2024-12-17T11:45:20","date_gmt":"2024-12-17T11:45:20","guid":{"rendered":"https:\/\/www.grupojorgeanjos.pt\/?post_type=jobpost&#038;p=26578"},"modified":"2024-12-17T14:47:24","modified_gmt":"2024-12-17T14:47:24","slug":"comercial-m-f-vila-real","status":"publish","type":"jobpost","link":"https:\/\/www.grupojorgeanjos.pt\/en\/emprego\/comercial-m-f-vila-real\/","title":{"rendered":"Comercial (M\/F) &#8211; Vila Real"},"content":{"rendered":"<h2 class=\"wp-block-heading\">A Jorge dos Anjos \u2013 Trabalho Tempor\u00e1rio (Alvar\u00e1 n\u00b0 864\/18, de 29\/11) encontra-se em processo de recrutamento para <strong>Comercial <\/strong>para a zona de <strong>Vila Real<\/strong>!<\/h2>\n\n\n\n<p><br><strong>Requisitos:<\/strong><\/p>\n\n\n\n<ul class=\"wp-block-list\">\n<li>Valorizada experi\u00eancia na fun\u00e7\u00e3o;<\/li>\n\n\n\n<li>Disponibilidade de hor\u00e1rios;<\/li>\n\n\n\n<li>Disponibilidade IMEDIATA.<\/li>\n<\/ul>\n\n\n\n<p><br><strong>Oferecemos:<\/strong><\/p>\n\n\n\n<ul class=\"wp-block-list\">\n<li>Contrato de Trabalho;<\/li>\n\n\n\n<li>Vencimento compat\u00edvel com a experi\u00eancia;<\/li>\n\n\n\n<li>Possibilidade Continuidade;<\/li>\n\n\n\n<li>Oportunidade desenvolvimento e valoriza\u00e7\u00e3o profissional;<\/li>\n\n\n\n<li><a href=\"https:\/\/www.net-empregos.com\/emprego-educacao-formacao.asp\" target=\"_blank\" rel=\"noreferrer noopener\">Training<\/a>\u00a0inicial e cont\u00ednua.<\/li>\n<\/ul>\n\n\n\n<p>\ud83d\udce7 Envie-nos o seu CV para julietasantos@grupojorgeanjos.pt <br>\ud83d\udcde Ou ligue 913 717 510<\/p>\n\n\n\n<p>Ao candidatar-se aceita e compreende a nossa <strong><a href=\"https:\/\/www.grupojorgeanjos.pt\/en\/politica-privacidade\/\">Pol\u00edtica de Dados e Privacidade<\/a><\/strong> que poder\u00e1 consultar no nosso site.<br>Apenas os candidatos eleg\u00edveis ser\u00e3o contactados, os restantes ficar\u00e3o em base de dados para futuras oportunidades.<br><\/p>\n\n\n\n<figure class=\"wp-block-image size-full is-resized\"><img fetchpriority=\"high\" decoding=\"async\" width=\"1024\" height=\"923\" src=\"https:\/\/www.grupojorgeanjos.pt\/wp-content\/uploads\/2024\/08\/image-1.jpeg\" alt=\"Comercial\" class=\"wp-image-26922\" style=\"width:222px;height:193px\" srcset=\"https:\/\/www.grupojorgeanjos.pt\/wp-content\/uploads\/2024\/08\/image-1.jpeg 1024w, https:\/\/www.grupojorgeanjos.pt\/wp-content\/uploads\/2024\/08\/image-1-600x541.jpeg 600w, https:\/\/www.grupojorgeanjos.pt\/wp-content\/uploads\/2024\/08\/image-1-300x270.jpeg 300w, https:\/\/www.grupojorgeanjos.pt\/wp-content\/uploads\/2024\/08\/image-1-768x692.jpeg 768w, https:\/\/www.grupojorgeanjos.pt\/wp-content\/uploads\/2024\/08\/image-1-13x12.jpeg 13w, https:\/\/www.grupojorgeanjos.pt\/wp-content\/uploads\/2024\/08\/image-1-180x162.jpeg 180w\" sizes=\"(max-width: 1024px) 100vw, 1024px\" \/><\/figure>","protected":false},"excerpt":{"rendered":"<p>A Jorge dos Anjos \u2013 Trabalho Tempor\u00e1rio (Alvar\u00e1 n\u00b0 864\/18, de 29\/11) encontra-se em processo de recrutamento para Comercial para a zona de Vila Real! Requisitos: Oferecemos: \ud83d\udce7 Envie-nos o seu CV para julietasantos@grupojorgeanjos.pt \ud83d\udcde Ou ligue 913 717 510 Ao candidatar-se aceita e compreende a nossa Pol\u00edtica de Dados e Privacidade que poder\u00e1 consultar [&hellip;]<\/p>\n","protected":false},"author":11,"featured_media":0,"menu_order":0,"template":"","jobpost_category":[237],"jobpost_job_type":[],"jobpost_location":[199],"jobpost_tag":[],"class_list":["post-26578","jobpost","type-jobpost","status-publish","hentry","jobpost_category-vendas-comercio","jobpost_location-vila-real"],"_links":{"self":[{"href":"https:\/\/www.grupojorgeanjos.pt\/en\/wp-json\/wp\/v2\/jobpost\/26578","targetHints":{"allow":["GET"]}}],"collection":[{"href":"https:\/\/www.grupojorgeanjos.pt\/en\/wp-json\/wp\/v2\/jobpost"}],"about":[{"href":"https:\/\/www.grupojorgeanjos.pt\/en\/wp-json\/wp\/v2\/types\/jobpost"}],"author":[{"embeddable":true,"href":"https:\/\/www.grupojorgeanjos.pt\/en\/wp-json\/wp\/v2\/users\/11"}],"version-history":[{"count":2,"href":"https:\/\/www.grupojorgeanjos.pt\/en\/wp-json\/wp\/v2\/jobpost\/26578\/revisions"}],"predecessor-version":[{"id":26923,"href":"https:\/\/www.grupojorgeanjos.pt\/en\/wp-json\/wp\/v2\/jobpost\/26578\/revisions\/26923"}],"wp:attachment":[{"href":"https:\/\/www.grupojorgeanjos.pt\/en\/wp-json\/wp\/v2\/media?parent=26578"}],"wp:term":[{"taxonomy":"jobpost_category","embeddable":true,"href":"https:\/\/www.grupojorgeanjos.pt\/en\/wp-json\/wp\/v2\/jobpost_category?post=26578"},{"taxonomy":"jobpost_job_type","embeddable":true,"href":"https:\/\/www.grupojorgeanjos.pt\/en\/wp-json\/wp\/v2\/jobpost_job_type?post=26578"},{"taxonomy":"jobpost_location","embeddable":true,"href":"https:\/\/www.grupojorgeanjos.pt\/en\/wp-json\/wp\/v2\/jobpost_location?post=26578"},{"taxonomy":"jobpost_tag","embeddable":true,"href":"https:\/\/www.grupojorgeanjos.pt\/en\/wp-json\/wp\/v2\/jobpost_tag?post=26578"}],"curies":[{"name":"wp","href":"https:\/\/api.w.org\/{rel}","templated":true}]}}