{"id":27830,"date":"2025-02-04T10:39:52","date_gmt":"2025-02-04T10:39:52","guid":{"rendered":"https:\/\/www.grupojorgeanjos.pt\/?post_type=jobpost&#038;p=27830"},"modified":"2025-02-04T16:57:00","modified_gmt":"2025-02-04T16:57:00","slug":"tecnico-de-avac-m-f-amadora-2","status":"publish","type":"jobpost","link":"https:\/\/www.grupojorgeanjos.pt\/en\/emprego\/tecnico-de-avac-m-f-amadora-2\/","title":{"rendered":"T\u00e9cnico de AVAC (M\/F) &#8211; Amadora"},"content":{"rendered":"<h3 class=\"wp-block-heading\">A Jorge dos Anjos \u2013 Trabalho Tempor\u00e1rio (Alvar\u00e1 n\u00b0 864\/18, de 29\/11) encontra-se em processo de recrutamento para T\u00e9cnico AVAC para vaga na zona da Amadora!<\/h3>\n\n\n\n<p><\/p>\n\n\n\n<p><strong>Requisitos<\/strong>:<\/p>\n\n\n\n<p>Experi\u00eancia na fun\u00e7\u00e3o. <br>Carta de condu\u00e7\u00e3o<br>Conhecimentos gerais de AVAC e eletricidade<\/p>\n\n\n\n<p><strong>Oferecemos:<\/strong><\/p>\n\n\n\n<p>\u2013 Contrato de Trabalho com Vencimento compat\u00edvel com a fun\u00e7\u00e3o; <br>\u2013 Oportunidade desenvolvimento e valoriza\u00e7\u00e3o profissional; <br>\u2013 Ambiente de trabalho estimulante com equipa din\u00e2mica; <br>\u2013 Oportunidades cont\u00ednuas de desenvolvimento profissional; <br>\u2013 Forma\u00e7\u00e3o inicial e cont\u00ednua;<\/p>\n\n\n\n<p><\/p>\n\n\n\n<p>\ud83d\udce7 Envie-nos o seu CV para elainesanchez@grupojorgeanjos.pt <br>\ud83d\udcde Ou ligue 913 717 522<\/p>\n\n\n\n<p>Ao candidatar-se aceita e compreende a nossa <strong>Pol\u00edtica de Dados e Privacidade<\/strong> que poder\u00e1 consultar no nosso site.<\/p>\n\n\n\n<p>Apenas os candidatos eleg\u00edveis ser\u00e3o contactados, os restantes ficar\u00e3o em base de dados para futuras oportunidades.<\/p>\n\n\n\n<figure class=\"wp-block-image size-full is-resized\"><img fetchpriority=\"high\" decoding=\"async\" width=\"920\" height=\"980\" src=\"https:\/\/www.grupojorgeanjos.pt\/wp-content\/uploads\/2023\/02\/industria-1-5.png\" alt=\"\" class=\"wp-image-12795\" style=\"aspect-ratio:0.9387755102040817;width:135px;height:auto\" srcset=\"https:\/\/www.grupojorgeanjos.pt\/wp-content\/uploads\/2023\/02\/industria-1-5.png 920w, https:\/\/www.grupojorgeanjos.pt\/wp-content\/uploads\/2023\/02\/industria-1-5-600x639.png 600w, https:\/\/www.grupojorgeanjos.pt\/wp-content\/uploads\/2023\/02\/industria-1-5-282x300.png 282w, https:\/\/www.grupojorgeanjos.pt\/wp-content\/uploads\/2023\/02\/industria-1-5-768x818.png 768w, https:\/\/www.grupojorgeanjos.pt\/wp-content\/uploads\/2023\/02\/industria-1-5-11x12.png 11w, https:\/\/www.grupojorgeanjos.pt\/wp-content\/uploads\/2023\/02\/industria-1-5-180x192.png 180w\" sizes=\"(max-width: 920px) 100vw, 920px\" \/><\/figure>","protected":false},"excerpt":{"rendered":"<p>A Jorge dos Anjos \u2013 Trabalho Tempor\u00e1rio (Alvar\u00e1 n\u00b0 864\/18, de 29\/11) encontra-se em processo de recrutamento para T\u00e9cnico AVAC para vaga na zona da Amadora! Requisitos: Experi\u00eancia na fun\u00e7\u00e3o. Carta de condu\u00e7\u00e3oConhecimentos gerais de AVAC e eletricidade Oferecemos: \u2013 Contrato de Trabalho com Vencimento compat\u00edvel com a fun\u00e7\u00e3o; \u2013 Oportunidade desenvolvimento e valoriza\u00e7\u00e3o profissional; [&hellip;]<\/p>\n","protected":false},"author":11,"featured_media":0,"menu_order":0,"template":"","jobpost_category":[230],"jobpost_job_type":[],"jobpost_location":[194],"jobpost_tag":[],"class_list":["post-27830","jobpost","type-jobpost","status-publish","hentry","jobpost_category-industria-producao","jobpost_location-lisboa"],"_links":{"self":[{"href":"https:\/\/www.grupojorgeanjos.pt\/en\/wp-json\/wp\/v2\/jobpost\/27830","targetHints":{"allow":["GET"]}}],"collection":[{"href":"https:\/\/www.grupojorgeanjos.pt\/en\/wp-json\/wp\/v2\/jobpost"}],"about":[{"href":"https:\/\/www.grupojorgeanjos.pt\/en\/wp-json\/wp\/v2\/types\/jobpost"}],"author":[{"embeddable":true,"href":"https:\/\/www.grupojorgeanjos.pt\/en\/wp-json\/wp\/v2\/users\/11"}],"version-history":[{"count":3,"href":"https:\/\/www.grupojorgeanjos.pt\/en\/wp-json\/wp\/v2\/jobpost\/27830\/revisions"}],"predecessor-version":[{"id":28104,"href":"https:\/\/www.grupojorgeanjos.pt\/en\/wp-json\/wp\/v2\/jobpost\/27830\/revisions\/28104"}],"wp:attachment":[{"href":"https:\/\/www.grupojorgeanjos.pt\/en\/wp-json\/wp\/v2\/media?parent=27830"}],"wp:term":[{"taxonomy":"jobpost_category","embeddable":true,"href":"https:\/\/www.grupojorgeanjos.pt\/en\/wp-json\/wp\/v2\/jobpost_category?post=27830"},{"taxonomy":"jobpost_job_type","embeddable":true,"href":"https:\/\/www.grupojorgeanjos.pt\/en\/wp-json\/wp\/v2\/jobpost_job_type?post=27830"},{"taxonomy":"jobpost_location","embeddable":true,"href":"https:\/\/www.grupojorgeanjos.pt\/en\/wp-json\/wp\/v2\/jobpost_location?post=27830"},{"taxonomy":"jobpost_tag","embeddable":true,"href":"https:\/\/www.grupojorgeanjos.pt\/en\/wp-json\/wp\/v2\/jobpost_tag?post=27830"}],"curies":[{"name":"wp","href":"https:\/\/api.w.org\/{rel}","templated":true}]}}