{"id":33496,"date":"2025-12-30T17:40:16","date_gmt":"2025-12-30T17:40:16","guid":{"rendered":"https:\/\/www.grupojorgeanjos.pt\/?post_type=jobpost&#038;p=33496"},"modified":"2025-12-30T17:40:20","modified_gmt":"2025-12-30T17:40:20","slug":"tecnico-de-recrutamento-e-selecao-braga-m-f","status":"publish","type":"jobpost","link":"https:\/\/www.grupojorgeanjos.pt\/en\/emprego\/tecnico-de-recrutamento-e-selecao-braga-m-f\/","title":{"rendered":"T\u00e9cnico de Recrutamento e Sele\u00e7\u00e3o &#8211; Braga (m\/f)"},"content":{"rendered":"<p>A Jorge dos Anjos \u2013 Trabalho Tempor\u00e1rio (Alvar\u00e1 n\u00b0 864\/18, de 29\/11) encontra-se em processo de recrutamento de um\/a T\u00e9cnico\/a de Recrutamento e Sele\u00e7\u00e3o, para vaga na zona de BRAGA:<\/p>\n\n\n\n<p>T\u00c9CNICO DE RECRUTAMENTO E SELE\u00c7\u00c3O (M\/F)<\/p>\n\n\n\n<p>Requisitos:<\/p>\n\n\n\n<ul class=\"wp-block-list\">\n<li>Experi\u00eancia profissional na \u00e1rea ou similares (obrigat\u00f3rio);<\/li>\n\n\n\n<li>Forma\u00e7\u00e3o em Recursos Humanos ou em \u00e1rea relevante (valorizado);<\/li>\n\n\n\n<li>Ingl\u00eas interm\u00e9dio;<br>-Dinamismo, responsabilidade e organiza\u00e7\u00e3o;<br>-Excelente capacidade de comunica\u00e7\u00e3o e resolu\u00e7\u00e3o de problemas;<br>-Capacidade de trabalhar sob press\u00e3o, foco e autodisciplina;<br>-Boa apresenta\u00e7\u00e3o e dinamismo;<br>-Disponibilidade imediata.<\/li>\n<\/ul>\n\n\n\n<p>Fun\u00e7\u00f5es:<br>-Cria\u00e7\u00e3o e publica\u00e7\u00e3o de an\u00fancios;<br>-An\u00e1lise e triagem curricular;<br>-Realiza\u00e7\u00e3o de entrevistas;<br>-Elabora\u00e7\u00e3o de curr\u00edculos personalizados;<br>-Gest\u00e3o e organiza\u00e7\u00e3o de base de dados;<br>-Apoio noutras tarefas inerentes \u00e0 fun\u00e7\u00e3o.<\/p>\n\n\n\n<p>Oferecemos:<br>\u2013 Contrato de Trabalho com Vencimento compat\u00edvel com a fun\u00e7\u00e3o;<br>\u2013 Oportunidade desenvolvimento e valoriza\u00e7\u00e3o profissional;<br>\u2013 Ambiente de trabalho estimulante com equipa din\u00e2mica;<br>\u2013 Oportunidades cont\u00ednuas de desenvolvimento profissional;<br>\u2013 Forma\u00e7\u00e3o inicial e cont\u00ednua;<\/p>\n\n\n\n<p>\ud83d\udce7 Envie-nos o seu CV para angelarojas@grupojorgeanjos.pt<br>No assunto, escreva &#8220;T\u00e9c. Recrutamento e Sele\u00e7\u00e3o + Braga&#8221;<br>Ou ligue para: (+351) 914 099 733 (chamada para rede m\u00f3vel nacional).<\/p>\n\n\n\n<p>Ao candidatar-se aceita e compreende a nossa Pol\u00edtica de Dados e Privacidade que poder\u00e1 consultar no nosso site.<\/p>\n\n\n\n<p>Apenas os candidatos eleg\u00edveis ser\u00e3o contactados, os restantes ficar\u00e3o em base de dados para futuras oportunidades.<\/p>","protected":false},"excerpt":{"rendered":"<p>A Jorge dos Anjos \u2013 Trabalho Tempor\u00e1rio (Alvar\u00e1 n\u00b0 864\/18, de 29\/11) encontra-se em processo de recrutamento de um\/a T\u00e9cnico\/a de Recrutamento e Sele\u00e7\u00e3o, para vaga na zona de BRAGA: T\u00c9CNICO DE RECRUTAMENTO E SELE\u00c7\u00c3O (M\/F) Requisitos: Fun\u00e7\u00f5es:-Cria\u00e7\u00e3o e publica\u00e7\u00e3o de an\u00fancios;-An\u00e1lise e triagem curricular;-Realiza\u00e7\u00e3o de entrevistas;-Elabora\u00e7\u00e3o de curr\u00edculos personalizados;-Gest\u00e3o e organiza\u00e7\u00e3o de base de [&hellip;]<\/p>\n","protected":false},"author":11,"featured_media":0,"menu_order":0,"template":"","jobpost_category":[],"jobpost_job_type":[],"jobpost_location":[],"jobpost_tag":[],"class_list":["post-33496","jobpost","type-jobpost","status-publish","hentry"],"_links":{"self":[{"href":"https:\/\/www.grupojorgeanjos.pt\/en\/wp-json\/wp\/v2\/jobpost\/33496","targetHints":{"allow":["GET"]}}],"collection":[{"href":"https:\/\/www.grupojorgeanjos.pt\/en\/wp-json\/wp\/v2\/jobpost"}],"about":[{"href":"https:\/\/www.grupojorgeanjos.pt\/en\/wp-json\/wp\/v2\/types\/jobpost"}],"author":[{"embeddable":true,"href":"https:\/\/www.grupojorgeanjos.pt\/en\/wp-json\/wp\/v2\/users\/11"}],"version-history":[{"count":1,"href":"https:\/\/www.grupojorgeanjos.pt\/en\/wp-json\/wp\/v2\/jobpost\/33496\/revisions"}],"predecessor-version":[{"id":33497,"href":"https:\/\/www.grupojorgeanjos.pt\/en\/wp-json\/wp\/v2\/jobpost\/33496\/revisions\/33497"}],"wp:attachment":[{"href":"https:\/\/www.grupojorgeanjos.pt\/en\/wp-json\/wp\/v2\/media?parent=33496"}],"wp:term":[{"taxonomy":"jobpost_category","embeddable":true,"href":"https:\/\/www.grupojorgeanjos.pt\/en\/wp-json\/wp\/v2\/jobpost_category?post=33496"},{"taxonomy":"jobpost_job_type","embeddable":true,"href":"https:\/\/www.grupojorgeanjos.pt\/en\/wp-json\/wp\/v2\/jobpost_job_type?post=33496"},{"taxonomy":"jobpost_location","embeddable":true,"href":"https:\/\/www.grupojorgeanjos.pt\/en\/wp-json\/wp\/v2\/jobpost_location?post=33496"},{"taxonomy":"jobpost_tag","embeddable":true,"href":"https:\/\/www.grupojorgeanjos.pt\/en\/wp-json\/wp\/v2\/jobpost_tag?post=33496"}],"curies":[{"name":"wp","href":"https:\/\/api.w.org\/{rel}","templated":true}]}}