{"id":9533,"date":"2022-09-22T13:05:07","date_gmt":"2022-09-22T13:05:07","guid":{"rendered":"https:\/\/www.grupojorgeanjos.pt\/?post_type=jobpost&#038;p=9533"},"modified":"2022-09-22T13:05:08","modified_gmt":"2022-09-22T13:05:08","slug":"cafeteiro-m-f-porto","status":"publish","type":"jobpost","link":"https:\/\/www.grupojorgeanjos.pt\/en\/emprego\/cafeteiro-m-f-porto\/","title":{"rendered":"Cafeteiro (m\/f) \u2013 Porto"},"content":{"rendered":"<p>A empresa Jorge dos Anjos (Alvar\u00e1 n\u00b0 864\/18, de 29\/11), empresa de Trabalho Tempor\u00e1rio, encontra-se em processo de recrutamento para unidade Hoteleira de prest\u00edgio na zona do Porto para:<\/p>\n\n\n\n<p>Cafeteiro (m\/f) \u2013 Porto<\/p>\n\n\n\n<p>Requisitos:<\/p>\n\n\n\n<p>\u2013 Experi\u00eancia pr\u00e9via na fun\u00e7\u00e3o;<\/p>\n\n\n\n<p>\u2013 Disponibilidade de hor\u00e1rios;<\/p>\n\n\n\n<p>\u2013 Disponibilidade imediata;<\/p>\n\n\n\n<p>\u2013 Boa capacidade de comunica\u00e7\u00e3o;<\/p>\n\n\n\n<p>\u2013 Gosto pelo trabalho em equipa;<\/p>\n\n\n\n<p>\u2013 Apresenta\u00e7\u00e3o cuidada.<\/p>\n\n\n\n<p>Oferecemos:<\/p>\n\n\n\n<p>\u2013 Contrato de Trabalho;<\/p>\n\n\n\n<p>\u2013 Vencimento compat\u00edvel com a fun\u00e7\u00e3o;<\/p>\n\n\n\n<p>\u2013 Empresa de Refer\u00eancia;<\/p>\n\n\n\n<p>\u2013 Oportunidade desenvolvimento e valoriza\u00e7\u00e3o profissional;<\/p>\n\n\n\n<p>\u2013 Forma\u00e7\u00e3o inicial e cont\u00ednua.<\/p>\n\n\n\n<p><\/p>\n\n\n\n<p>Ao candidatar-se aceita e compreende a nossa Pol\u00edtica de Dados e Privacidade que poder\u00e1 consultar no nosso site: https:\/\/www.grupojorgeanjos.pt\/policy.<\/p>\n\n\n\n<p>Apenas os candidatos eleg\u00edveis ser\u00e3o contactados, os restantes ficar\u00e3o em base de dados para futuras oportunidades.<\/p>","protected":false},"excerpt":{"rendered":"<p>A empresa Jorge dos Anjos (Alvar\u00e1 n\u00b0 864\/18, de 29\/11), empresa de Trabalho Tempor\u00e1rio, encontra-se em processo de recrutamento para unidade Hoteleira de prest\u00edgio na zona do Porto para: Cafeteiro (m\/f) \u2013 Porto Requisitos: \u2013 Experi\u00eancia pr\u00e9via na fun\u00e7\u00e3o; \u2013 Disponibilidade de hor\u00e1rios; \u2013 Disponibilidade imediata; \u2013 Boa capacidade de comunica\u00e7\u00e3o; \u2013 Gosto pelo trabalho [&hellip;]<\/p>\n","protected":false},"author":11,"featured_media":9534,"menu_order":0,"template":"","jobpost_category":[229],"jobpost_job_type":[221,218,223],"jobpost_location":[186],"jobpost_tag":[],"class_list":["post-9533","jobpost","type-jobpost","status-publish","has-post-thumbnail","hentry","jobpost_category-hotelaria-restauracao","jobpost_job_type-full-time","jobpost_job_type-fins-de-semana","jobpost_job_type-turnos-rotativos","jobpost_location-porto"],"_links":{"self":[{"href":"https:\/\/www.grupojorgeanjos.pt\/en\/wp-json\/wp\/v2\/jobpost\/9533","targetHints":{"allow":["GET"]}}],"collection":[{"href":"https:\/\/www.grupojorgeanjos.pt\/en\/wp-json\/wp\/v2\/jobpost"}],"about":[{"href":"https:\/\/www.grupojorgeanjos.pt\/en\/wp-json\/wp\/v2\/types\/jobpost"}],"author":[{"embeddable":true,"href":"https:\/\/www.grupojorgeanjos.pt\/en\/wp-json\/wp\/v2\/users\/11"}],"version-history":[{"count":1,"href":"https:\/\/www.grupojorgeanjos.pt\/en\/wp-json\/wp\/v2\/jobpost\/9533\/revisions"}],"predecessor-version":[{"id":9535,"href":"https:\/\/www.grupojorgeanjos.pt\/en\/wp-json\/wp\/v2\/jobpost\/9533\/revisions\/9535"}],"wp:featuredmedia":[{"embeddable":true,"href":"https:\/\/www.grupojorgeanjos.pt\/en\/wp-json\/wp\/v2\/media\/9534"}],"wp:attachment":[{"href":"https:\/\/www.grupojorgeanjos.pt\/en\/wp-json\/wp\/v2\/media?parent=9533"}],"wp:term":[{"taxonomy":"jobpost_category","embeddable":true,"href":"https:\/\/www.grupojorgeanjos.pt\/en\/wp-json\/wp\/v2\/jobpost_category?post=9533"},{"taxonomy":"jobpost_job_type","embeddable":true,"href":"https:\/\/www.grupojorgeanjos.pt\/en\/wp-json\/wp\/v2\/jobpost_job_type?post=9533"},{"taxonomy":"jobpost_location","embeddable":true,"href":"https:\/\/www.grupojorgeanjos.pt\/en\/wp-json\/wp\/v2\/jobpost_location?post=9533"},{"taxonomy":"jobpost_tag","embeddable":true,"href":"https:\/\/www.grupojorgeanjos.pt\/en\/wp-json\/wp\/v2\/jobpost_tag?post=9533"}],"curies":[{"name":"wp","href":"https:\/\/api.w.org\/{rel}","templated":true}]}}