{"id":21515,"date":"2024-02-12T17:58:17","date_gmt":"2024-02-12T17:58:17","guid":{"rendered":"https:\/\/www.grupojorgeanjos.pt\/?p=21515"},"modified":"2024-02-12T18:01:41","modified_gmt":"2024-02-12T18:01:41","slug":"sabia-que","status":"publish","type":"post","link":"https:\/\/www.grupojorgeanjos.pt\/en\/sabia-que\/","title":{"rendered":"Sabia que&#8230;"},"content":{"rendered":"<p>Segundo o nosso c\u00f3digo de trabalho, pode ser considerado feriado apenas por instrumento de regulamenta\u00e7\u00e3o coletiva de trabalho ou contrato de trabalho.<\/p>\n\n\n\n<p>Na fun\u00e7\u00e3o p\u00fablica depende da determina\u00e7\u00e3o do governo.<\/p>\n\n\n\n<p>Por outro lado, no setor privado, rege-se pela decis\u00e3o da entidade patronal. Independentemente da \u00e1rea de atividade, \u00e9 o patr\u00e3o que decide se d\u00e1 ou n\u00e3o o dia aos funcion\u00e1rios.<\/p>\n\n\n\n<p>Assim sendo, o Dia de Carnaval n\u00e3o \u00e9 feriado.<\/p>\n\n\n\n<p>Ligamos os melhores talentos, aos melhores projetos .<\/p>\n\n\n\n<figure class=\"wp-block-image size-large\"><img fetchpriority=\"high\" decoding=\"async\" width=\"1024\" height=\"1024\" src=\"https:\/\/www.grupojorgeanjos.pt\/wp-content\/uploads\/2024\/02\/VAGAS-DA-SEMANA-44-1024x1024.png\" alt=\"\" class=\"wp-image-21516\" srcset=\"https:\/\/www.grupojorgeanjos.pt\/wp-content\/uploads\/2024\/02\/VAGAS-DA-SEMANA-44-1024x1024.png 1024w, https:\/\/www.grupojorgeanjos.pt\/wp-content\/uploads\/2024\/02\/VAGAS-DA-SEMANA-44-300x300.png 300w, https:\/\/www.grupojorgeanjos.pt\/wp-content\/uploads\/2024\/02\/VAGAS-DA-SEMANA-44-410x410.png 410w, https:\/\/www.grupojorgeanjos.pt\/wp-content\/uploads\/2024\/02\/VAGAS-DA-SEMANA-44-600x600.png 600w, https:\/\/www.grupojorgeanjos.pt\/wp-content\/uploads\/2024\/02\/VAGAS-DA-SEMANA-44-150x150.png 150w, https:\/\/www.grupojorgeanjos.pt\/wp-content\/uploads\/2024\/02\/VAGAS-DA-SEMANA-44-768x768.png 768w, https:\/\/www.grupojorgeanjos.pt\/wp-content\/uploads\/2024\/02\/VAGAS-DA-SEMANA-44-12x12.png 12w, https:\/\/www.grupojorgeanjos.pt\/wp-content\/uploads\/2024\/02\/VAGAS-DA-SEMANA-44-180x180.png 180w, https:\/\/www.grupojorgeanjos.pt\/wp-content\/uploads\/2024\/02\/VAGAS-DA-SEMANA-44.png 1080w\" sizes=\"(max-width: 1024px) 100vw, 1024px\" \/><\/figure>","protected":false},"excerpt":{"rendered":"<p>Segundo o nosso c\u00f3digo de trabalho, pode ser considerado feriado apenas por instrumento de regulamenta\u00e7\u00e3o coletiva de trabalho ou contrato de trabalho. Na fun\u00e7\u00e3o p\u00fablica depende da determina\u00e7\u00e3o do governo. Por outro lado, no setor privado, rege-se pela decis\u00e3o da entidade patronal. Independentemente da \u00e1rea de atividade, \u00e9 o patr\u00e3o que decide se d\u00e1 ou [&hellip;]<\/p>\n","protected":false},"author":11,"featured_media":0,"comment_status":"open","ping_status":"open","sticky":false,"template":"","format":"standard","meta":{"footnotes":""},"categories":[274],"tags":[],"class_list":["post-21515","post","type-post","status-publish","format-standard","hentry","category-artigo"],"_links":{"self":[{"href":"https:\/\/www.grupojorgeanjos.pt\/en\/wp-json\/wp\/v2\/posts\/21515","targetHints":{"allow":["GET"]}}],"collection":[{"href":"https:\/\/www.grupojorgeanjos.pt\/en\/wp-json\/wp\/v2\/posts"}],"about":[{"href":"https:\/\/www.grupojorgeanjos.pt\/en\/wp-json\/wp\/v2\/types\/post"}],"author":[{"embeddable":true,"href":"https:\/\/www.grupojorgeanjos.pt\/en\/wp-json\/wp\/v2\/users\/11"}],"replies":[{"embeddable":true,"href":"https:\/\/www.grupojorgeanjos.pt\/en\/wp-json\/wp\/v2\/comments?post=21515"}],"version-history":[{"count":3,"href":"https:\/\/www.grupojorgeanjos.pt\/en\/wp-json\/wp\/v2\/posts\/21515\/revisions"}],"predecessor-version":[{"id":21520,"href":"https:\/\/www.grupojorgeanjos.pt\/en\/wp-json\/wp\/v2\/posts\/21515\/revisions\/21520"}],"wp:attachment":[{"href":"https:\/\/www.grupojorgeanjos.pt\/en\/wp-json\/wp\/v2\/media?parent=21515"}],"wp:term":[{"taxonomy":"category","embeddable":true,"href":"https:\/\/www.grupojorgeanjos.pt\/en\/wp-json\/wp\/v2\/categories?post=21515"},{"taxonomy":"post_tag","embeddable":true,"href":"https:\/\/www.grupojorgeanjos.pt\/en\/wp-json\/wp\/v2\/tags?post=21515"}],"curies":[{"name":"wp","href":"https:\/\/api.w.org\/{rel}","templated":true}]}}